{"id":14085,"date":"2026-09-02T16:02:50","date_gmt":"2026-09-02T14:02:50","guid":{"rendered":"https:\/\/www.eaccfrance.com\/pressions-reglementaires-et-concurrentielles-transatlantiques-fast-fashion-big-tech-ia-et-mobilite-autonome\/"},"modified":"2026-09-02T16:02:51","modified_gmt":"2026-09-02T14:02:51","slug":"pressions-reglementaires-et-concurrentielles-transatlantiques-fast-fashion-big-tech-ia-et-mobilite-autonome","status":"publish","type":"post","link":"https:\/\/www.eaccfrance.com\/fr\/pressions-reglementaires-et-concurrentielles-transatlantiques-fast-fashion-big-tech-ia-et-mobilite-autonome\/","title":{"rendered":"Pressions r\u00e9glementaires et concurrentielles transatlantiques : fast fashion, Big Tech, IA et mobilit\u00e9 autonome"},"content":{"rendered":"\t\t<div data-elementor-type=\"wp-post\" data-elementor-id=\"14085\" class=\"elementor elementor-14085 elementor-14080\">\n\t\t\t\t\t\t<section class=\"elementor-section elementor-top-section elementor-element elementor-element-a43184d elementor-section-boxed elementor-section-height-default elementor-section-height-default\" data-id=\"a43184d\" data-element_type=\"section\" data-e-type=\"section\">\n\t\t\t\t\t\t<div class=\"elementor-container elementor-column-gap-default\">\n\t\t\t\t\t<div class=\"elementor-column elementor-col-100 elementor-top-column elementor-element elementor-element-68a15de\" data-id=\"68a15de\" data-element_type=\"column\" data-e-type=\"column\">\n\t\t\t<div class=\"elementor-column-wrap--68a15de elementor-widget-wrap elementor-element-populated\">\n\t\t\t\t\t\t<div class=\"elementor-element elementor-element-dcbebfa elementor-widget elementor-widget-text-editor\" data-id=\"dcbebfa\" data-element_type=\"widget\" data-e-type=\"widget\" data-widget_type=\"text-editor.default\">\n\t\t\t\t<div class=\"elementor-widget-container\">\n\t\t\t\t\t\t\t\t\t<div>Cette \u00e9dition met en lumi\u00e8re :<\/div><ul><li style=\"text-align: justify\"><span style=\"color: #000000\">Les pressions r\u00e9glementaires et concurrentielles croissantes de la fast fashion aux \u00c9tats-Unis et en Europe, alors que les d\u00e9buts de SHEIN \u00e0 Hong Kong d\u00e9\u00e7oivent.<\/span><\/li><li style=\"text-align: justify\"><span style=\"color: #000000\">Le renforcement de la surveillance europ\u00e9enne des principales plateformes num\u00e9riques et des services d&rsquo;IA dans le cadre du Digital Services Act.<\/span><\/li><li style=\"text-align: justify\"><span style=\"color: #000000\">L&rsquo;\u00e9lan croissant de l&rsquo;Europe en mati\u00e8re de mobilit\u00e9 autonome, alors que Waymo se pr\u00e9pare \u00e0 se lancer \u00e0 Munich.<\/span><\/li><li style=\"text-align: justify\"><span style=\"color: #000000\">L&rsquo;intensification du contr\u00f4le am\u00e9ricain de Big Tech, la FTC ciblant les pratiques publicitaires d&rsquo;Amazon.<\/span><\/li><\/ul>\t\t\t\t\t\t\t\t<\/div>\n\t\t\t\t<\/div>\n\t\t\t\t<div class=\"elementor-element elementor-element-ee4b9ea elementor-widget elementor-widget-html\" data-id=\"ee4b9ea\" data-element_type=\"widget\" data-e-type=\"widget\" data-widget_type=\"html.default\">\n\t\t\t\t<div class=\"elementor-widget-container\">\n\t\t\t\t\t\n\t\t\t\t<\/div>\n\t\t\t\t<\/div>\n\t\t\t\t\t<\/div>\n\t\t<\/div>\n\t\t\t\t\t<\/div>\n\t\t<\/section>\n\t\t\t\t<\/div>\n\t\t","protected":false},"excerpt":{"rendered":"<p>Cette \u00e9dition met en lumi\u00e8re : Les pressions r\u00e9glementaires et concurrentielles croissantes de la fast fashion aux \u00c9tats-Unis et en Europe, alors que les d\u00e9buts de SHEIN \u00e0 Hong Kong d\u00e9\u00e7oivent. Le renforcement de la surveillance europ\u00e9enne des principales plateformes num\u00e9riques et des services d&rsquo;IA dans le cadre du Digital Services Act. L&rsquo;\u00e9lan croissant de [&hellip;]<\/p>\n","protected":false},"author":4,"featured_media":0,"comment_status":"closed","ping_status":"open","sticky":false,"template":"","format":"standard","meta":{"_acf_changed":false,"rs_blank_template":"","rs_page_bg_color":"","slide_template_v7":"","footnotes":""},"categories":[94,940],"tags":[],"class_list":["post-14085","post","type-post","status-publish","format-standard","hentry","category-eacc-news-fr","category-synthese-commerciale"],"acf":[],"yoast_head":"<!-- This site is optimized with the Yoast SEO plugin v28.4 - https:\/\/yoast.com\/product\/yoast-seo-wordpress\/ -->\n<title>Pressions r\u00e9glementaires et concurrentielles transatlantiques : fast fashion, Big Tech, IA et mobilit\u00e9 autonome - EACC Paris chapter<\/title>\n<meta name=\"robots\" content=\"index, follow, max-snippet:-1, max-image-preview:large, max-video-preview:-1\" \/>\n<link rel=\"canonical\" href=\"https:\/\/www.eaccfrance.com\/fr\/pressions-reglementaires-et-concurrentielles-transatlantiques-fast-fashion-big-tech-ia-et-mobilite-autonome\/\" \/>\n<meta property=\"og:locale\" content=\"fr_FR\" \/>\n<meta property=\"og:type\" content=\"article\" \/>\n<meta property=\"og:title\" content=\"Pressions r\u00e9glementaires et concurrentielles transatlantiques : fast fashion, Big Tech, IA et mobilit\u00e9 autonome - EACC Paris chapter\" \/>\n<meta property=\"og:description\" content=\"Cette \u00e9dition met en lumi\u00e8re : Les pressions r\u00e9glementaires et concurrentielles croissantes de la fast fashion aux \u00c9tats-Unis et en Europe, alors que les d\u00e9buts de SHEIN \u00e0 Hong Kong d\u00e9\u00e7oivent. Le renforcement de la surveillance europ\u00e9enne des principales plateformes num\u00e9riques et des services d&rsquo;IA dans le cadre du Digital Services Act. L&rsquo;\u00e9lan croissant de [&hellip;]\" \/>\n<meta property=\"og:url\" content=\"https:\/\/www.eaccfrance.com\/fr\/pressions-reglementaires-et-concurrentielles-transatlantiques-fast-fashion-big-tech-ia-et-mobilite-autonome\/\" \/>\n<meta property=\"og:site_name\" content=\"EACC Paris chapter\" \/>\n<meta property=\"article:published_time\" content=\"2026-09-02T14:02:50+00:00\" \/>\n<meta property=\"article:modified_time\" content=\"2026-09-02T14:02:51+00:00\" \/>\n<meta property=\"og:image\" content=\"https:\/\/www.eaccfrance.com\/wp-content\/uploads\/2020\/11\/transatlantic-newsletter.png\" \/>\n\t<meta property=\"og:image:width\" content=\"1500\" \/>\n\t<meta property=\"og:image:height\" content=\"438\" \/>\n\t<meta property=\"og:image:type\" content=\"image\/png\" \/>\n<meta name=\"author\" content=\"catherine\" \/>\n<meta name=\"twitter:card\" content=\"summary_large_image\" \/>\n<meta name=\"twitter:label1\" content=\"\u00c9crit par\" \/>\n\t<meta name=\"twitter:data1\" content=\"catherine\" \/>\n<script type=\"application\/ld+json\" class=\"yoast-schema-graph\">{\"@context\":\"https:\\\/\\\/schema.org\",\"@graph\":[{\"@type\":\"Article\",\"@id\":\"https:\\\/\\\/www.eaccfrance.com\\\/fr\\\/pressions-reglementaires-et-concurrentielles-transatlantiques-fast-fashion-big-tech-ia-et-mobilite-autonome\\\/#article\",\"isPartOf\":{\"@id\":\"https:\\\/\\\/www.eaccfrance.com\\\/fr\\\/pressions-reglementaires-et-concurrentielles-transatlantiques-fast-fashion-big-tech-ia-et-mobilite-autonome\\\/\"},\"author\":{\"name\":\"catherine\",\"@id\":\"https:\\\/\\\/wsi-ad3-eaccfrance.alwaysdata.net\\\/#\\\/schema\\\/person\\\/ee505a80945fcce6f4b00339ebf2709c\"},\"headline\":\"Pressions r\u00e9glementaires et concurrentielles transatlantiques : fast fashion, Big Tech, IA et mobilit\u00e9 autonome\",\"datePublished\":\"2026-09-02T14:02:50+00:00\",\"dateModified\":\"2026-09-02T14:02:51+00:00\",\"mainEntityOfPage\":{\"@id\":\"https:\\\/\\\/www.eaccfrance.com\\\/fr\\\/pressions-reglementaires-et-concurrentielles-transatlantiques-fast-fashion-big-tech-ia-et-mobilite-autonome\\\/\"},\"wordCount\":110,\"publisher\":{\"@id\":\"https:\\\/\\\/wsi-ad3-eaccfrance.alwaysdata.net\\\/#organization\"},\"articleSection\":[\"EACC News\",\"Synth\u00e8se commerciale\"],\"inLanguage\":\"fr-FR\"},{\"@type\":\"WebPage\",\"@id\":\"https:\\\/\\\/www.eaccfrance.com\\\/fr\\\/pressions-reglementaires-et-concurrentielles-transatlantiques-fast-fashion-big-tech-ia-et-mobilite-autonome\\\/\",\"url\":\"https:\\\/\\\/www.eaccfrance.com\\\/fr\\\/pressions-reglementaires-et-concurrentielles-transatlantiques-fast-fashion-big-tech-ia-et-mobilite-autonome\\\/\",\"name\":\"Pressions r\u00e9glementaires et concurrentielles transatlantiques : fast fashion, Big Tech, IA et mobilit\u00e9 autonome - EACC Paris chapter\",\"isPartOf\":{\"@id\":\"https:\\\/\\\/wsi-ad3-eaccfrance.alwaysdata.net\\\/#website\"},\"datePublished\":\"2026-09-02T14:02:50+00:00\",\"dateModified\":\"2026-09-02T14:02:51+00:00\",\"inLanguage\":\"fr-FR\",\"potentialAction\":[{\"@type\":\"ReadAction\",\"target\":[\"https:\\\/\\\/www.eaccfrance.com\\\/fr\\\/pressions-reglementaires-et-concurrentielles-transatlantiques-fast-fashion-big-tech-ia-et-mobilite-autonome\\\/\"]}]},{\"@type\":\"WebSite\",\"@id\":\"https:\\\/\\\/wsi-ad3-eaccfrance.alwaysdata.net\\\/#website\",\"url\":\"https:\\\/\\\/wsi-ad3-eaccfrance.alwaysdata.net\\\/\",\"name\":\"EACC Paris chapter\",\"description\":\"European American Chamber of Commerce\",\"publisher\":{\"@id\":\"https:\\\/\\\/wsi-ad3-eaccfrance.alwaysdata.net\\\/#organization\"},\"potentialAction\":[{\"@type\":\"SearchAction\",\"target\":{\"@type\":\"EntryPoint\",\"urlTemplate\":\"https:\\\/\\\/wsi-ad3-eaccfrance.alwaysdata.net\\\/?s={search_term_string}\"},\"query-input\":{\"@type\":\"PropertyValueSpecification\",\"valueRequired\":true,\"valueName\":\"search_term_string\"}}],\"inLanguage\":\"fr-FR\"},{\"@type\":\"Organization\",\"@id\":\"https:\\\/\\\/wsi-ad3-eaccfrance.alwaysdata.net\\\/#organization\",\"name\":\"EACC Paris chapter\",\"url\":\"https:\\\/\\\/wsi-ad3-eaccfrance.alwaysdata.net\\\/\",\"logo\":{\"@type\":\"ImageObject\",\"inLanguage\":\"fr-FR\",\"@id\":\"https:\\\/\\\/wsi-ad3-eaccfrance.alwaysdata.net\\\/#\\\/schema\\\/logo\\\/image\\\/\",\"url\":\"https:\\\/\\\/www.eaccfrance.com\\\/wp-content\\\/uploads\\\/2020\\\/09\\\/Netherlands_PMS_Vector_Updated.png\",\"contentUrl\":\"https:\\\/\\\/www.eaccfrance.com\\\/wp-content\\\/uploads\\\/2020\\\/09\\\/Netherlands_PMS_Vector_Updated.png\",\"width\":339,\"height\":76,\"caption\":\"EACC Paris chapter\"},\"image\":{\"@id\":\"https:\\\/\\\/wsi-ad3-eaccfrance.alwaysdata.net\\\/#\\\/schema\\\/logo\\\/image\\\/\"}},{\"@type\":\"Person\",\"@id\":\"https:\\\/\\\/wsi-ad3-eaccfrance.alwaysdata.net\\\/#\\\/schema\\\/person\\\/ee505a80945fcce6f4b00339ebf2709c\",\"name\":\"catherine\",\"image\":{\"@type\":\"ImageObject\",\"inLanguage\":\"fr-FR\",\"@id\":\"https:\\\/\\\/secure.gravatar.com\\\/avatar\\\/6466d678ba84c4d0241e21b006ba2ffdc4a49c95202468a7928edeb04428a8ec?s=96&d=mm&r=g\",\"url\":\"https:\\\/\\\/secure.gravatar.com\\\/avatar\\\/6466d678ba84c4d0241e21b006ba2ffdc4a49c95202468a7928edeb04428a8ec?s=96&d=mm&r=g\",\"contentUrl\":\"https:\\\/\\\/secure.gravatar.com\\\/avatar\\\/6466d678ba84c4d0241e21b006ba2ffdc4a49c95202468a7928edeb04428a8ec?s=96&d=mm&r=g\",\"caption\":\"catherine\"},\"url\":\"https:\\\/\\\/www.eaccfrance.com\\\/fr\\\/author\\\/catherine\\\/\"}]}<\/script>\n<!-- \/ Yoast SEO plugin. -->","yoast_head_json":{"title":"Pressions r\u00e9glementaires et concurrentielles transatlantiques : fast fashion, Big Tech, IA et mobilit\u00e9 autonome - EACC Paris chapter","robots":{"index":"index","follow":"follow","max-snippet":"max-snippet:-1","max-image-preview":"max-image-preview:large","max-video-preview":"max-video-preview:-1"},"canonical":"https:\/\/www.eaccfrance.com\/fr\/pressions-reglementaires-et-concurrentielles-transatlantiques-fast-fashion-big-tech-ia-et-mobilite-autonome\/","og_locale":"fr_FR","og_type":"article","og_title":"Pressions r\u00e9glementaires et concurrentielles transatlantiques : fast fashion, Big Tech, IA et mobilit\u00e9 autonome - EACC Paris chapter","og_description":"Cette \u00e9dition met en lumi\u00e8re : Les pressions r\u00e9glementaires et concurrentielles croissantes de la fast fashion aux \u00c9tats-Unis et en Europe, alors que les d\u00e9buts de SHEIN \u00e0 Hong Kong d\u00e9\u00e7oivent. Le renforcement de la surveillance europ\u00e9enne des principales plateformes num\u00e9riques et des services d&rsquo;IA dans le cadre du Digital Services Act. L&rsquo;\u00e9lan croissant de [&hellip;]","og_url":"https:\/\/www.eaccfrance.com\/fr\/pressions-reglementaires-et-concurrentielles-transatlantiques-fast-fashion-big-tech-ia-et-mobilite-autonome\/","og_site_name":"EACC Paris chapter","article_published_time":"2026-09-02T14:02:50+00:00","article_modified_time":"2026-09-02T14:02:51+00:00","og_image":[{"width":1500,"height":438,"url":"https:\/\/www.eaccfrance.com\/wp-content\/uploads\/2020\/11\/transatlantic-newsletter.png","type":"image\/png"}],"author":"catherine","twitter_card":"summary_large_image","twitter_misc":{"\u00c9crit par":"catherine"},"schema":{"@context":"https:\/\/schema.org","@graph":[{"@type":"Article","@id":"https:\/\/www.eaccfrance.com\/fr\/pressions-reglementaires-et-concurrentielles-transatlantiques-fast-fashion-big-tech-ia-et-mobilite-autonome\/#article","isPartOf":{"@id":"https:\/\/www.eaccfrance.com\/fr\/pressions-reglementaires-et-concurrentielles-transatlantiques-fast-fashion-big-tech-ia-et-mobilite-autonome\/"},"author":{"name":"catherine","@id":"https:\/\/wsi-ad3-eaccfrance.alwaysdata.net\/#\/schema\/person\/ee505a80945fcce6f4b00339ebf2709c"},"headline":"Pressions r\u00e9glementaires et concurrentielles transatlantiques : fast fashion, Big Tech, IA et mobilit\u00e9 autonome","datePublished":"2026-09-02T14:02:50+00:00","dateModified":"2026-09-02T14:02:51+00:00","mainEntityOfPage":{"@id":"https:\/\/www.eaccfrance.com\/fr\/pressions-reglementaires-et-concurrentielles-transatlantiques-fast-fashion-big-tech-ia-et-mobilite-autonome\/"},"wordCount":110,"publisher":{"@id":"https:\/\/wsi-ad3-eaccfrance.alwaysdata.net\/#organization"},"articleSection":["EACC News","Synth\u00e8se commerciale"],"inLanguage":"fr-FR"},{"@type":"WebPage","@id":"https:\/\/www.eaccfrance.com\/fr\/pressions-reglementaires-et-concurrentielles-transatlantiques-fast-fashion-big-tech-ia-et-mobilite-autonome\/","url":"https:\/\/www.eaccfrance.com\/fr\/pressions-reglementaires-et-concurrentielles-transatlantiques-fast-fashion-big-tech-ia-et-mobilite-autonome\/","name":"Pressions r\u00e9glementaires et concurrentielles transatlantiques : fast fashion, Big Tech, IA et mobilit\u00e9 autonome - EACC Paris chapter","isPartOf":{"@id":"https:\/\/wsi-ad3-eaccfrance.alwaysdata.net\/#website"},"datePublished":"2026-09-02T14:02:50+00:00","dateModified":"2026-09-02T14:02:51+00:00","inLanguage":"fr-FR","potentialAction":[{"@type":"ReadAction","target":["https:\/\/www.eaccfrance.com\/fr\/pressions-reglementaires-et-concurrentielles-transatlantiques-fast-fashion-big-tech-ia-et-mobilite-autonome\/"]}]},{"@type":"WebSite","@id":"https:\/\/wsi-ad3-eaccfrance.alwaysdata.net\/#website","url":"https:\/\/wsi-ad3-eaccfrance.alwaysdata.net\/","name":"EACC Paris chapter","description":"European American Chamber of Commerce","publisher":{"@id":"https:\/\/wsi-ad3-eaccfrance.alwaysdata.net\/#organization"},"potentialAction":[{"@type":"SearchAction","target":{"@type":"EntryPoint","urlTemplate":"https:\/\/wsi-ad3-eaccfrance.alwaysdata.net\/?s={search_term_string}"},"query-input":{"@type":"PropertyValueSpecification","valueRequired":true,"valueName":"search_term_string"}}],"inLanguage":"fr-FR"},{"@type":"Organization","@id":"https:\/\/wsi-ad3-eaccfrance.alwaysdata.net\/#organization","name":"EACC Paris chapter","url":"https:\/\/wsi-ad3-eaccfrance.alwaysdata.net\/","logo":{"@type":"ImageObject","inLanguage":"fr-FR","@id":"https:\/\/wsi-ad3-eaccfrance.alwaysdata.net\/#\/schema\/logo\/image\/","url":"https:\/\/www.eaccfrance.com\/wp-content\/uploads\/2020\/09\/Netherlands_PMS_Vector_Updated.png","contentUrl":"https:\/\/www.eaccfrance.com\/wp-content\/uploads\/2020\/09\/Netherlands_PMS_Vector_Updated.png","width":339,"height":76,"caption":"EACC Paris chapter"},"image":{"@id":"https:\/\/wsi-ad3-eaccfrance.alwaysdata.net\/#\/schema\/logo\/image\/"}},{"@type":"Person","@id":"https:\/\/wsi-ad3-eaccfrance.alwaysdata.net\/#\/schema\/person\/ee505a80945fcce6f4b00339ebf2709c","name":"catherine","image":{"@type":"ImageObject","inLanguage":"fr-FR","@id":"https:\/\/secure.gravatar.com\/avatar\/6466d678ba84c4d0241e21b006ba2ffdc4a49c95202468a7928edeb04428a8ec?s=96&d=mm&r=g","url":"https:\/\/secure.gravatar.com\/avatar\/6466d678ba84c4d0241e21b006ba2ffdc4a49c95202468a7928edeb04428a8ec?s=96&d=mm&r=g","contentUrl":"https:\/\/secure.gravatar.com\/avatar\/6466d678ba84c4d0241e21b006ba2ffdc4a49c95202468a7928edeb04428a8ec?s=96&d=mm&r=g","caption":"catherine"},"url":"https:\/\/www.eaccfrance.com\/fr\/author\/catherine\/"}]}},"_links":{"self":[{"href":"https:\/\/www.eaccfrance.com\/fr\/wp-json\/wp\/v2\/posts\/14085","targetHints":{"allow":["GET"]}}],"collection":[{"href":"https:\/\/www.eaccfrance.com\/fr\/wp-json\/wp\/v2\/posts"}],"about":[{"href":"https:\/\/www.eaccfrance.com\/fr\/wp-json\/wp\/v2\/types\/post"}],"author":[{"embeddable":true,"href":"https:\/\/www.eaccfrance.com\/fr\/wp-json\/wp\/v2\/users\/4"}],"replies":[{"embeddable":true,"href":"https:\/\/www.eaccfrance.com\/fr\/wp-json\/wp\/v2\/comments?post=14085"}],"version-history":[{"count":1,"href":"https:\/\/www.eaccfrance.com\/fr\/wp-json\/wp\/v2\/posts\/14085\/revisions"}],"predecessor-version":[{"id":14086,"href":"https:\/\/www.eaccfrance.com\/fr\/wp-json\/wp\/v2\/posts\/14085\/revisions\/14086"}],"wp:attachment":[{"href":"https:\/\/www.eaccfrance.com\/fr\/wp-json\/wp\/v2\/media?parent=14085"}],"wp:term":[{"taxonomy":"category","embeddable":true,"href":"https:\/\/www.eaccfrance.com\/fr\/wp-json\/wp\/v2\/categories?post=14085"},{"taxonomy":"post_tag","embeddable":true,"href":"https:\/\/www.eaccfrance.com\/fr\/wp-json\/wp\/v2\/tags?post=14085"}],"curies":[{"name":"wp","href":"https:\/\/api.w.org\/{rel}","templated":true}]}}